{"id":590,"global_id":"xn--lascne-6ua.be?id=590","global_id_lineage":["xn--lascne-6ua.be?id=590"],"author":"3","status":"publish","date":"2025-09-25 15:27:44","date_utc":"2025-09-25 13:27:44","modified":"2025-09-25 15:27:44","modified_utc":"2025-09-25 13:27:44","url":"https:\/\/xn--lascne-6ua.be\/index.php\/agenda\/cinephiles-film-le-cercle-des-poetes-disparus\/","rest_url":"https:\/\/xn--lascne-6ua.be\/index.php\/wp-json\/tribe\/events\/v1\/events\/590","title":"Cin\u00e9philes (film) &#8211; Le Cercle des Po\u00e8tes Disparus","description":"<p><strong>R\u00e9servation : <a href=\"https:\/\/www.billetweb.fr\/cinephiles-le-cercle-des-poetes-disparus\">https:\/\/www.billetweb.fr\/cinephiles-le-cercle-des-poetes-disparus\u00a0<\/a><\/strong><\/p>\n<p>Ce dimanche, La Sc\u00e8ne devient grotte \u00e0 r\u00eave ! \u00ab Le cercle des po\u00e8tes disparus \u00bb \u00e9claire notre projecteur et nos c\u0153urs.<\/p>\n<p>Un professeur hors du commun qui inspire des \u00e9l\u00e8ves audacieux \u00e0 lib\u00e9rer leur voix et c\u00e9l\u00e9brer la vie malgr\u00e9 les r\u00e8gles d\u2019un monde rigide, c\u2019est le synopsis de ce classique de l\u2019automne aux couleurs de l\u2019\u00e2me.<\/p>\n<p>Rejoignez-nous pour vibrer et partager un moment de po\u00e9sie et d\u2019inattendu.<br \/>\nEt ne vous inqui\u00e9tez pas si vous avez oubli\u00e9 vos mouchoirs ; on en a en stock !\u00a0<img decoding=\"async\" class=\"an1\" draggable=\"false\" src=\"https:\/\/fonts.gstatic.com\/s\/e\/notoemoji\/16.0\/1f60d\/32.png\" alt=\"\ud83d\ude0d\" data-emoji=\"\ud83d\ude0d\" aria-label=\"\ud83d\ude0d\" \/><\/p>\n<p><img decoding=\"async\" class=\"an1\" draggable=\"false\" src=\"https:\/\/fonts.gstatic.com\/s\/e\/notoemoji\/16.0\/1f4c6\/32.png\" alt=\"\ud83d\udcc6\" data-emoji=\"\ud83d\udcc6\" aria-label=\"\ud83d\udcc6\" \/>\u00a0Dimanche 28 septembre<br \/>\n<img decoding=\"async\" class=\"an1\" draggable=\"false\" src=\"https:\/\/fonts.gstatic.com\/s\/e\/notoemoji\/16.0\/1f566\/32.png\" alt=\"\ud83d\udd66\" data-emoji=\"\ud83d\udd66\" aria-label=\"\ud83d\udd66\" \/>\u00a020h<br \/>\n<img decoding=\"async\" class=\"an1\" draggable=\"false\" src=\"https:\/\/fonts.gstatic.com\/s\/e\/notoemoji\/16.0\/1f39f_fe0f\/32.png\" alt=\"\ud83c\udf9f\ufe0f\" data-emoji=\"\ud83c\udf9f\ufe0f\" aria-label=\"\ud83c\udf9f\ufe0f\" \/>\u00a05\u20ac r\u00e9servation en bio ou sur place<\/p>","excerpt":"","slug":"cinephiles-film-le-cercle-des-poetes-disparus","image":{"url":"https:\/\/xn--lascne-6ua.be\/wp-content\/uploads\/2025\/09\/CANVA-mad-x-Chloe.png","id":591,"extension":"png","width":460,"height":575,"filesize":316807,"sizes":{"medium":{"width":240,"height":300,"mime-type":"image\/png","filesize":27784,"url":"https:\/\/xn--lascne-6ua.be\/wp-content\/uploads\/2025\/09\/CANVA-mad-x-Chloe-240x300.png"},"thumbnail":{"width":150,"height":150,"mime-type":"image\/png","filesize":10466,"url":"https:\/\/xn--lascne-6ua.be\/wp-content\/uploads\/2025\/09\/CANVA-mad-x-Chloe-150x150.png"},"woocommerce_thumbnail":{"width":300,"height":300,"mime-type":"image\/png","filesize":34768,"uncropped":false,"url":"https:\/\/xn--lascne-6ua.be\/wp-content\/uploads\/2025\/09\/CANVA-mad-x-Chloe-300x300.png"},"woocommerce_gallery_thumbnail":{"width":100,"height":100,"mime-type":"image\/png","filesize":5536,"url":"https:\/\/xn--lascne-6ua.be\/wp-content\/uploads\/2025\/09\/CANVA-mad-x-Chloe-100x100.png"}}},"all_day":false,"start_date":"2025-09-28 20:00:00","start_date_details":{"year":"2025","month":"09","day":"28","hour":"20","minutes":"00","seconds":"00"},"end_date":"2025-09-28 22:00:00","end_date_details":{"year":"2025","month":"09","day":"28","hour":"22","minutes":"00","seconds":"00"},"utc_start_date":"2025-09-28 18:00:00","utc_start_date_details":{"year":"2025","month":"09","day":"28","hour":"18","minutes":"00","seconds":"00"},"utc_end_date":"2025-09-28 20:00:00","utc_end_date_details":{"year":"2025","month":"09","day":"28","hour":"20","minutes":"00","seconds":"00"},"timezone":"Europe\/Brussels","timezone_abbr":"CEST","cost":"","cost_details":{"currency_symbol":"","currency_code":"","currency_position":"","values":[]},"website":"","show_map":true,"show_map_link":true,"hide_from_listings":false,"sticky":false,"featured":false,"categories":[],"tags":[],"venue":[],"organizer":[],"custom_fields":[],"json_ld":{"@context":"http:\/\/schema.org","@type":"Event","name":"Cin\u00e9philes (film) &#8211; Le Cercle des Po\u00e8tes Disparus","description":"&lt;p&gt;R\u00e9servation : https:\/\/www.billetweb.fr\/cinephiles-le-cercle-des-poetes-disparus\u00a0 Ce dimanche, La Sc\u00e8ne devient grotte \u00e0 r\u00eave ! \u00ab Le cercle des po\u00e8tes disparus \u00bb \u00e9claire notre projecteur et nos c\u0153urs. Un professeur hors du commun qui inspire des \u00e9l\u00e8ves audacieux \u00e0 lib\u00e9rer leur voix et c\u00e9l\u00e9brer la vie malgr\u00e9 les r\u00e8gles d\u2019un monde rigide, c\u2019est le synopsis de ce classique de l\u2019automne aux couleurs de l\u2019\u00e2me. Rejoignez-nous pour vibrer et partager un moment de po\u00e9sie et d\u2019inattendu. Et ne vous inqui\u00e9tez pas si vous avez oubli\u00e9 vos mouchoirs ; on en a en stock !\u00a0 \u00a0Dimanche 28 septembre \u00a020h \u00a05\u20ac r\u00e9servation en bio ou sur place&lt;\/p&gt;\\n","image":"https:\/\/xn--lascne-6ua.be\/wp-content\/uploads\/2025\/09\/CANVA-mad-x-Chloe.png","url":"https:\/\/xn--lascne-6ua.be\/index.php\/agenda\/cinephiles-film-le-cercle-des-poetes-disparus\/","eventAttendanceMode":"https:\/\/schema.org\/OfflineEventAttendanceMode","eventStatus":"https:\/\/schema.org\/EventScheduled","startDate":"2025-09-28T20:00:00+02:00","endDate":"2025-09-28T22:00:00+02:00","performer":"Organization"},"ticketed":false}